{"id":490,"date":"2011-11-08T21:29:11","date_gmt":"2011-11-08T20:29:11","guid":{"rendered":"http:\/\/www.albadispirito.it\/Wordpress\/index.php\/2011\/11\/08\/la-croce-di-cristo-espressione-vivente-dellamore-del-padre\/"},"modified":"2011-11-08T21:29:11","modified_gmt":"2011-11-08T20:29:11","slug":"la-croce-di-cristo-espressione-vivente-dellamore-del-padre","status":"publish","type":"post","link":"https:\/\/www.albadispirito.it\/index.php\/2011\/11\/08\/la-croce-di-cristo-espressione-vivente-dellamore-del-padre\/","title":{"rendered":"LA CROCE DI CRISTO: ESPRESSIONE VIVENTE DELL\u2019AMORE DEL PADRE"},"content":{"rendered":"<p><!--[if gte mso 9]><xml> <w:WordDocument> <w:View>Normal<\/w:View> <w:Zoom>0<\/w:Zoom> <w:HyphenationZone>14<\/w:HyphenationZone> <w:PunctuationKerning \/> <w:ValidateAgainstSchemas \/> <w:SaveIfXMLInvalid>false<\/w:SaveIfXMLInvalid> <w:IgnoreMixedContent>false<\/w:IgnoreMixedContent> <w:AlwaysShowPlaceholderText>false<\/w:AlwaysShowPlaceholderText> <w:Compatibility> <w:BreakWrappedTables \/> <w:SnapToGridInCell \/> <w:WrapTextWithPunct \/> <w:UseAsianBreakRules \/> <w:DontGrowAutofit \/> <\/w:Compatibility> <w:BrowserLevel>MicrosoftInternetExplorer4<\/w:BrowserLevel> <\/w:WordDocument> <\/xml><![endif]--><!--[if gte mso 9]><xml> <w:LatentStyles DefLockedState=\"false\" LatentStyleCount=\"156\"> <\/w:LatentStyles> <\/xml><![endif]--><!--[if gte mso 10]> <mce:style><!   \/* Style Definitions *\/  table.MsoNormalTable \t{mso-style-name:\"Tabella normale\"; \tmso-tstyle-rowband-size:0; \tmso-tstyle-colband-size:0; \tmso-style-noshow:yes; \tmso-style-parent:\"\"; \tmso-padding-alt:0cm 5.4pt 0cm 5.4pt; \tmso-para-margin:0cm; \tmso-para-margin-bottom:.0001pt; \tmso-pagination:widow-orphan; \tfont-size:10.0pt; \tfont-family:\"Times New Roman\"; \tmso-ansi-language:#0400; \tmso-fareast-language:#0400; \tmso-bidi-language:#0400;} --> <!--[endif] --><\/p>\n<p class=\"MsoNormal\" style=\"text-align: center; text-indent: 27pt;\">\n<p class=\"MsoNormal\" style=\"text-align: justify; text-indent: 27pt;\">Spesso l\u2019uomo si domanda su come possa essere Dio Padre. Tale domanda \u00e8 stato rivolta a Ges\u00f9 dal suo discepolo Filippo il quale desiderava incontrare il Padre e conoscerla via che l\u2019avrebbe portato a Lui.<\/p>\n<p class=\"MsoNormal\" style=\"text-align: justify; text-indent: 27pt;\">La risposta di Ges\u00f9 fu categorica e pungente perch\u00e9 accusa l\u2019uomo di essere poco recettivo per le \u201ccose di Dio\u201d. Colui che risponde in Ges\u00f9 di Nazareth \u00e8 quel Padre che Filippo desiderava conoscere e, nella risposta, non vi \u00e8 altra Persona se non il Padre stesso.<\/p>\n<p class=\"MsoNormal\" style=\"text-align: justify; text-indent: 27pt;\">Dal Vangelo secondo Giovanni cap. 14, 1, viene rivelata la Parola che testimonia quanto sia grande l\u2019Amore di Dio.<\/p>\n<p class=\"MsoNormal\" style=\"text-align: justify; text-indent: 27pt;\">\u00c8 il momento del saluto di Ges\u00f9 che annunzia la Sua dipartita. Dice Ges\u00f9: \u201cNon sia turbato il vostro cuore. Abbiate fede in Dio e abbiate fede anche in Me. Nella Casa del Padre mio vi sono molti posti. Se no, ve l\u2019avrei detto. Io vado a prepararvi un posto; quando sar\u00f2 andato e vi avr\u00f2 preparato un posto, <strong>ritorner\u00f2 <\/strong>e vi prender\u00f2 con Me, perch\u00e9 siate anche voi dove sono Io. E del luogo dove Io vado, voi conoscete la via\u201d.<\/p>\n<p class=\"MsoNormal\" style=\"text-align: justify; text-indent: 27pt;\">Gli disse Tommaso: \u201cSignore, non sappiamo dove vai e come possiamo conoscere la via?\u201d. Gli disse Ges\u00f9: \u201d<strong>Io sono la Via, la Verit\u00e0 e la Vita. Nessuno <\/strong>viene al Padre se non per mezzo di Me. Se conoscete Me, conoscerete anche il Padre; fin da ora lo conoscete e lo avete veduto\u201d. Gli disse Filippo: \u201cSignore, mostraci il Padre e ci basta\u201d. Gli rispose Ges\u00f9: \u201cDa tanto tempo sono con voi e tu non mi hai conosciuto, Filippo? Chi ha visto Me ha visto il Padre. Come puoi dire: mostraci il Padre? Non credi che io sono nel Padre e il Padre \u00e8 in me? Le parole che Io vi dico non le dico da Me; ma \u00e8 il Padre che \u00e8 in me compie le sue opere. CREDETEMI: Io sono nel Padre e il Padre \u00e8 in Me; se non altro, credetelo per le opere stesse\u201d.<\/p>\n<p class=\"MsoNormal\" style=\"text-align: justify; text-indent: 27pt;\">L\u2019Amore di Dio Padre \u00e8 evidente in Ges\u00f9 che lo contiene fino a renderlo visibile agli uomini. Il momento pi\u00f9 solenne dell\u2019Amore del Padre manifestato nel Figlio \u00e8 la Crocifissione dove le barriere del Dio che si nasconde cadono con la rivelazione totale di Dio quale Padre che ama il mondo quale Figlio che per Amore del Padre fa vivere nella totalit\u00e0 tale pienezza, quale Spirito Santo che agisce nella forza che permette all\u2019uomo di poter entrare nell\u2019unit\u00e0 Trinitaria ed abitare ove Ges\u00f9 abita.  <!--more-->  <\/p>\n<p class=\"MsoNormal\" style=\"text-align: justify; text-indent: 27pt;\">La Croce \u00e8 il Segno pi\u00f9 elevato dell\u2019Amore che Dio Padre ha per gli uomini e per mezzo di Ges\u00f9 quell\u2019Amore si \u00e8 svelato e nella forza della RESURREZIONE si \u00e8 donato, permettendo all\u2019uomo di Risorgere come il Figlio di Dio.<\/p>\n<p class=\"MsoNormal\" style=\"text-align: justify; text-indent: 27pt;\">\u201cNon c\u2019\u00e8 Amore pi\u00f9 grande che dare la vita per i propri amici\u201d.<\/p>\n<p class=\"MsoNormal\" style=\"text-align: justify; text-indent: 27pt;\">Ges\u00f9 Crocifisso di mostra UNITO al Padre che nel Suo Amore glorifica Ges\u00f9 per glorificare in lui tutti coloro che avrebbero creduto nella Sua Parola.<\/p>\n<p class=\"MsoNormal\" style=\"text-align: justify; text-indent: 27pt;\">A Dio ogni onore e gloria.<\/p>\n","protected":false},"excerpt":{"rendered":"<p>Spesso l\u2019uomo si domanda su come possa essere Dio Padre. Tale domanda \u00e8 stato rivolta a Ges\u00f9 dal suo discepolo Filippo il quale desiderava incontrare il Padre e conoscerla via che l\u2019avrebbe portato a Lui. La risposta di Ges\u00f9 fu categorica e pungente perch\u00e9 accusa l\u2019uomo di essere poco recettivo per le \u201ccose di Dio\u201d. [&hellip;]<\/p>\n","protected":false},"author":1,"featured_media":489,"comment_status":"open","ping_status":"open","sticky":false,"template":"","format":"standard","meta":{"_jetpack_memberships_contains_paid_content":false,"footnotes":""},"categories":[3],"tags":[],"class_list":["post-490","post","type-post","status-publish","format-standard","has-post-thumbnail","hentry","category-spiritualit"],"featured_image_urls":{"full":["https:\/\/www.albadispirito.it\/wp-content\/uploads\/2011\/11\/LaCrocediCristo.JPG",356,197,false],"thumbnail":["https:\/\/www.albadispirito.it\/wp-content\/uploads\/2011\/11\/LaCrocediCristo-150x150.jpg",150,150,true],"medium":["https:\/\/www.albadispirito.it\/wp-content\/uploads\/2011\/11\/LaCrocediCristo-300x166.jpg",300,166,true],"medium_large":["https:\/\/www.albadispirito.it\/wp-content\/uploads\/2011\/11\/LaCrocediCristo.JPG",356,197,false],"large":["https:\/\/www.albadispirito.it\/wp-content\/uploads\/2011\/11\/LaCrocediCristo.JPG",356,197,false],"1536x1536":["https:\/\/www.albadispirito.it\/wp-content\/uploads\/2011\/11\/LaCrocediCristo.JPG",356,197,false],"2048x2048":["https:\/\/www.albadispirito.it\/wp-content\/uploads\/2011\/11\/LaCrocediCristo.JPG",356,197,false]},"author_info":{"info":["Admin"]},"category_info":"<a href=\"https:\/\/www.albadispirito.it\/index.php\/category\/articoli\/spiritualit\/\" rel=\"category tag\">Spiritualit\u00e0<\/a>","tag_info":"Spiritualit\u00e0","comment_count":"0","jetpack_featured_media_url":"https:\/\/www.albadispirito.it\/wp-content\/uploads\/2011\/11\/LaCrocediCristo.JPG","jetpack_sharing_enabled":true,"_links":{"self":[{"href":"https:\/\/www.albadispirito.it\/index.php\/wp-json\/wp\/v2\/posts\/490","targetHints":{"allow":["GET"]}}],"collection":[{"href":"https:\/\/www.albadispirito.it\/index.php\/wp-json\/wp\/v2\/posts"}],"about":[{"href":"https:\/\/www.albadispirito.it\/index.php\/wp-json\/wp\/v2\/types\/post"}],"author":[{"embeddable":true,"href":"https:\/\/www.albadispirito.it\/index.php\/wp-json\/wp\/v2\/users\/1"}],"replies":[{"embeddable":true,"href":"https:\/\/www.albadispirito.it\/index.php\/wp-json\/wp\/v2\/comments?post=490"}],"version-history":[{"count":0,"href":"https:\/\/www.albadispirito.it\/index.php\/wp-json\/wp\/v2\/posts\/490\/revisions"}],"wp:featuredmedia":[{"embeddable":true,"href":"https:\/\/www.albadispirito.it\/index.php\/wp-json\/wp\/v2\/media\/489"}],"wp:attachment":[{"href":"https:\/\/www.albadispirito.it\/index.php\/wp-json\/wp\/v2\/media?parent=490"}],"wp:term":[{"taxonomy":"category","embeddable":true,"href":"https:\/\/www.albadispirito.it\/index.php\/wp-json\/wp\/v2\/categories?post=490"},{"taxonomy":"post_tag","embeddable":true,"href":"https:\/\/www.albadispirito.it\/index.php\/wp-json\/wp\/v2\/tags?post=490"}],"curies":[{"name":"wp","href":"https:\/\/api.w.org\/{rel}","templated":true}]}}