{"id":464,"date":"2011-05-16T16:33:43","date_gmt":"2011-05-16T14:33:43","guid":{"rendered":"http:\/\/www.albadispirito.it\/Wordpress\/index.php\/2011\/05\/16\/la-luce-precede-luomo-che-va\/"},"modified":"2011-05-16T16:33:43","modified_gmt":"2011-05-16T14:33:43","slug":"la-luce-precede-luomo-che-va","status":"publish","type":"post","link":"https:\/\/www.albadispirito.it\/index.php\/2011\/05\/16\/la-luce-precede-luomo-che-va\/","title":{"rendered":"LA LUCE PRECEDE L\u2019UOMO CHE VA"},"content":{"rendered":"<p><!--[if gte mso 9]><xml> <w:WordDocument> <w:View>Normal<\/w:View> <w:Zoom>0<\/w:Zoom> <w:HyphenationZone>14<\/w:HyphenationZone> <w:PunctuationKerning \/> <w:ValidateAgainstSchemas \/> <w:SaveIfXMLInvalid>false<\/w:SaveIfXMLInvalid> <w:IgnoreMixedContent>false<\/w:IgnoreMixedContent> <w:AlwaysShowPlaceholderText>false<\/w:AlwaysShowPlaceholderText> <w:Compatibility> <w:BreakWrappedTables \/> <w:SnapToGridInCell \/> <w:WrapTextWithPunct \/> <w:UseAsianBreakRules \/> <w:DontGrowAutofit \/> <\/w:Compatibility> <w:BrowserLevel>MicrosoftInternetExplorer4<\/w:BrowserLevel> <\/w:WordDocument> <\/xml><![endif]--><!--[if gte mso 9]><xml> <w:LatentStyles DefLockedState=\"false\" LatentStyleCount=\"156\"> <\/w:LatentStyles> <\/xml><![endif]--><!--[if gte mso 10]> <mce:style><!   \/* Style Definitions *\/  table.MsoNormalTable \t{mso-style-name:\"Tabella normale\"; \tmso-tstyle-rowband-size:0; \tmso-tstyle-colband-size:0; \tmso-style-noshow:yes; \tmso-style-parent:\"\"; \tmso-padding-alt:0cm 5.4pt 0cm 5.4pt; \tmso-para-margin:0cm; \tmso-para-margin-bottom:.0001pt; \tmso-pagination:widow-orphan; \tfont-size:10.0pt; \tfont-family:\"Times New Roman\"; \tmso-ansi-language:#0400; \tmso-fareast-language:#0400; \tmso-bidi-language:#0400;} --> <!--[endif] --><\/p>\n<p class=\"MsoNormal\" style=\"text-align: center; text-indent: 27pt;\">\n<p class=\"MsoNormal\" style=\"text-align: justify; text-indent: 27pt;\">Gli uomini che si sono assuefatti alla LUCE dello SPIRITO vivono non pi\u00f9 con la loro emanazione umana, bens\u00ec con quello Splendore Divino che in loro si manifesta.<\/p>\n<p class=\"MsoNormal\" style=\"text-align: justify; text-indent: 27pt;\">Non sono pi\u00f9 loro che vivono, ma \u00e8 Cristo che vive in Loro. Sono i Santi che, preceduti dalla Luce dell\u2019ALTRO, del CONSOLATORE, si presentano al mondo illuminati.<\/p>\n<p class=\"MsoNormal\" style=\"text-align: justify; text-indent: 27pt;\">Non sono loro ad essere quella Luce, bens\u00ec \u00e8 lo SPIRITO che in loro vive che li rende fonti luminose dalle quali si pu\u00f2 attingere l\u2019acqua della vita.<\/p>\n<p class=\"MsoNormal\" style=\"text-align: justify; text-indent: 27pt;\">Ges\u00f9 ha annunziato che cos\u00ec sarebbe stato quando dice ai Suoi discepoli: \u201c<em>Siate Luce per le genti e sale per il mondo<\/em>\u201d.<\/p>\n<p class=\"MsoNormal\" style=\"text-align: justify; text-indent: 27pt;\">E\u2019 lo SPIRITO che entra in loro quella LUCE che si esprimer\u00e0 nella unicit\u00e0 del suo splendore, aprendo gli occhi ai ciechi, donando l\u2019udito ai sordi e facendo camminare coloro che non possono se non attraverso il SUO intervento.<\/p>\n<p class=\"MsoNormal\" style=\"text-align: justify; text-indent: 27pt;\">I Santi esprimono visibilmente il VOLTO del SANTO, che \u00e8 Ges\u00f9, perch\u00e9 lo SPIRITO che \u00e8 in LORO sa comporre tale UNITA\u2019. L\u2019uomo e Dio si amalgamano a tal punto da rendere difficile la scissione dei due.<\/p>\n<p class=\"MsoNormal\" style=\"text-align: justify; text-indent: 27pt;\">I Santi, quali uomini nei quali la grazia opera, perdono la loro vecchia identit\u00e0 e realizzano nuovi desideri che sono gli stessi di Dio. Non amano altro che morire a se stessi per vivere solo in Colui che Vita \u00e8: Ges\u00f9!<\/p>\n<p class=\"MsoNormal\" style=\"text-align: justify; text-indent: 27pt;\">E\u2019 importante focalizzare la LUCE che precede per essere l\u2019occhio che VEDE e che segna il percorso ove ogni attimo di Ges\u00f9 si ripete nell\u2019attualit\u00e0 del tempo dello SPIRITO e del SUO IMMENSO POTERE!<\/p>\n<p>  <!--more-->  <\/p>\n<p>\u00a0<\/p>\n<p class=\"MsoNormal\" style=\"text-align: justify; text-indent: 27pt;\"><em>Buon Viaggio nella LUCE!<\/em><\/p>\n","protected":false},"excerpt":{"rendered":"<p>Gli uomini che si sono assuefatti alla LUCE dello SPIRITO vivono non pi\u00f9 con la loro emanazione umana, bens\u00ec con quello Splendore Divino che in loro si manifesta. Non sono pi\u00f9 loro che vivono, ma \u00e8 Cristo che vive in Loro. Sono i Santi che, preceduti dalla Luce dell\u2019ALTRO, del CONSOLATORE, si presentano al mondo [&hellip;]<\/p>\n","protected":false},"author":1,"featured_media":463,"comment_status":"open","ping_status":"open","sticky":false,"template":"","format":"standard","meta":{"_jetpack_memberships_contains_paid_content":false,"footnotes":""},"categories":[3],"tags":[],"class_list":["post-464","post","type-post","status-publish","format-standard","has-post-thumbnail","hentry","category-spiritualit"],"featured_image_urls":{"full":["https:\/\/www.albadispirito.it\/wp-content\/uploads\/2011\/05\/LaLuceprecdeluomocheva.JPG",175,267,false],"thumbnail":["https:\/\/www.albadispirito.it\/wp-content\/uploads\/2011\/05\/LaLuceprecdeluomocheva-150x150.jpg",150,150,true],"medium":["https:\/\/www.albadispirito.it\/wp-content\/uploads\/2011\/05\/LaLuceprecdeluomocheva.JPG",175,267,false],"medium_large":["https:\/\/www.albadispirito.it\/wp-content\/uploads\/2011\/05\/LaLuceprecdeluomocheva.JPG",175,267,false],"large":["https:\/\/www.albadispirito.it\/wp-content\/uploads\/2011\/05\/LaLuceprecdeluomocheva.JPG",175,267,false],"1536x1536":["https:\/\/www.albadispirito.it\/wp-content\/uploads\/2011\/05\/LaLuceprecdeluomocheva.JPG",175,267,false],"2048x2048":["https:\/\/www.albadispirito.it\/wp-content\/uploads\/2011\/05\/LaLuceprecdeluomocheva.JPG",175,267,false]},"author_info":{"info":["Admin"]},"category_info":"<a href=\"https:\/\/www.albadispirito.it\/index.php\/category\/articoli\/spiritualit\/\" rel=\"category tag\">Spiritualit\u00e0<\/a>","tag_info":"Spiritualit\u00e0","comment_count":"0","jetpack_featured_media_url":"https:\/\/www.albadispirito.it\/wp-content\/uploads\/2011\/05\/LaLuceprecdeluomocheva.JPG","jetpack_sharing_enabled":true,"_links":{"self":[{"href":"https:\/\/www.albadispirito.it\/index.php\/wp-json\/wp\/v2\/posts\/464","targetHints":{"allow":["GET"]}}],"collection":[{"href":"https:\/\/www.albadispirito.it\/index.php\/wp-json\/wp\/v2\/posts"}],"about":[{"href":"https:\/\/www.albadispirito.it\/index.php\/wp-json\/wp\/v2\/types\/post"}],"author":[{"embeddable":true,"href":"https:\/\/www.albadispirito.it\/index.php\/wp-json\/wp\/v2\/users\/1"}],"replies":[{"embeddable":true,"href":"https:\/\/www.albadispirito.it\/index.php\/wp-json\/wp\/v2\/comments?post=464"}],"version-history":[{"count":0,"href":"https:\/\/www.albadispirito.it\/index.php\/wp-json\/wp\/v2\/posts\/464\/revisions"}],"wp:featuredmedia":[{"embeddable":true,"href":"https:\/\/www.albadispirito.it\/index.php\/wp-json\/wp\/v2\/media\/463"}],"wp:attachment":[{"href":"https:\/\/www.albadispirito.it\/index.php\/wp-json\/wp\/v2\/media?parent=464"}],"wp:term":[{"taxonomy":"category","embeddable":true,"href":"https:\/\/www.albadispirito.it\/index.php\/wp-json\/wp\/v2\/categories?post=464"},{"taxonomy":"post_tag","embeddable":true,"href":"https:\/\/www.albadispirito.it\/index.php\/wp-json\/wp\/v2\/tags?post=464"}],"curies":[{"name":"wp","href":"https:\/\/api.w.org\/{rel}","templated":true}]}}