{"id":458,"date":"2011-03-12T12:27:50","date_gmt":"2011-03-12T11:27:50","guid":{"rendered":"http:\/\/www.albadispirito.it\/Wordpress\/index.php\/2011\/03\/12\/francesco-di-assisi-pecorella-di-dio\/"},"modified":"2011-03-12T12:27:50","modified_gmt":"2011-03-12T11:27:50","slug":"francesco-di-assisi-pecorella-di-dio","status":"publish","type":"post","link":"https:\/\/www.albadispirito.it\/index.php\/2011\/03\/12\/francesco-di-assisi-pecorella-di-dio\/","title":{"rendered":"FRANCESCO  DI  ASSISI,  PECORELLA  DI  DIO"},"content":{"rendered":"<p><!--[if gte mso 9]><xml> <w:WordDocument> <w:View>Normal<\/w:View> <w:Zoom>0<\/w:Zoom> <w:HyphenationZone>14<\/w:HyphenationZone> <w:PunctuationKerning \/> <w:ValidateAgainstSchemas \/> <w:SaveIfXMLInvalid>false<\/w:SaveIfXMLInvalid> <w:IgnoreMixedContent>false<\/w:IgnoreMixedContent> <w:AlwaysShowPlaceholderText>false<\/w:AlwaysShowPlaceholderText> <w:Compatibility> <w:BreakWrappedTables \/> <w:SnapToGridInCell \/> <w:WrapTextWithPunct \/> <w:UseAsianBreakRules \/> <w:DontGrowAutofit \/> <\/w:Compatibility> <w:BrowserLevel>MicrosoftInternetExplorer4<\/w:BrowserLevel> <\/w:WordDocument> <\/xml><![endif]--><!--[if gte mso 9]><xml> <w:LatentStyles DefLockedState=\"false\" LatentStyleCount=\"156\"> <\/w:LatentStyles> <\/xml><![endif]--><!--[if gte mso 10]> \n\n<style>  \/* Style Definitions *\/  table.MsoNormalTable \t{mso-style-name:\"Tabella normale\"; \tmso-tstyle-rowband-size:0; \tmso-tstyle-colband-size:0; \tmso-style-noshow:yes; \tmso-style-parent:\"\"; \tmso-padding-alt:0cm 5.4pt 0cm 5.4pt; \tmso-para-margin:0cm; \tmso-para-margin-bottom:.0001pt; \tmso-pagination:widow-orphan; \tfont-size:10.0pt; \tfont-family:\"Times New Roman\"; \tmso-ansi-language:#0400; \tmso-fareast-language:#0400; \tmso-bidi-language:#0400;} <\/style>\n\n <![endif]--><!--[if gte mso 9]><xml> <o:shapedefaults v:ext=\"edit\" spidmax=\"1026\" \/> <\/xml><![endif]--><!--[if gte mso 9]><xml> <o:shapelayout v:ext=\"edit\"> <o:idmap v:ext=\"edit\" data=\"1\" \/> <\/o:shapelayout><\/xml><![endif]--><\/p>\n<p class=\"MsoNormal\" style=\"text-indent: 27pt; text-align: center;\">\n<p class=\"MsoNormal\" style=\"text-indent: 27pt;\">Nell\u2019ovile di Ges\u00f9, Buon Pastore, bela una pecorella che all\u2019apparenza non ha n\u00e9 ricchezza, n\u00e9 potere, n\u00e9 ambizioni. E\u2019 Francesco, pecorella di Dio che, dopo aver sentito la Voce del Suo Pastore, lascia il mondo governato dal mercenario e segue la Via nella Onda di quella Voce.<\/p>\n<p class=\"MsoNormal\" style=\"text-indent: 27pt;\">Lo chiama, il Pastore, e lo sceglie guardandolo bello perch\u00e9 rivestito di sacco, poverello e privo di ogni certezza antica. Lo vede umile e lo vuole cos\u00ec come la Sua Scelta lo ha visto.<\/p>\n<p class=\"MsoNormal\" style=\"text-indent: 27pt;\">Francesco manifesta il Desiderio del Suo Buon Pastore spogliandosi delle cose del mondo, fino a raggiungere l\u2019unica ricchezza a Lui concessa: essere umile terra.<\/p>\n<p class=\"MsoNormal\" style=\"text-indent: 27pt;\">Il Suo Pastore lo educa e lo vuole tutto per S\u00e9, proprio come il Suo Sguardo lo aveva visto e scelto.<\/p>\n<p class=\"MsoNormal\" style=\"text-indent: 27pt;\">Quando Francesco \u00e8 pronto e visibilmente RIVESTITO di GRAZIA DIVINA, inizia il Suo esser TESTIMONE. Va, vestito di umilt\u00e0, da chi \u00e8 povero come Lui, da chi \u00e8 bisognoso come Lui, da chi \u00e8 ammalato come Lui, affinch\u00e9 la Scelta di Dio in Lui possa consolare ogni afflitto, perch\u00e9 Dio in Francesco \u00e8 con loro.<\/p>\n<p class=\"MsoNormal\" style=\"text-indent: 27pt;\">E\u2019 il Buon Pastore che si fa povero con i poveri e mortale con i mortali, per regalare la condivisione che avrebbe prodotto il cambiamento di ogni stato.<\/p>\n<p class=\"MsoNormal\" style=\"text-indent: 27pt;\">Francesco condivide la povert\u00e0 per essere ricco del Suo Dio e vivere nel Suo Regno quale vita ritrovata.<\/p>\n<p class=\"MsoNormal\" style=\"text-indent: 27pt;\">Francesco confida nel Suo Dio ed invita i Suoi fratelli a Lodarlo, imparando a conoscere Dio che si esprime mostrando il Suo Volto nella Sua Scelta.  <!--more-->  <\/p>\n<p class=\"MsoNormal\" style=\"text-indent: 27pt;\">Si compiace il Buon Pastore con la Sua pecorella ritrovata, alla quale dona il Suo Volto, facendolo arrivare con Francesco a tutti quelli che, desiderosi di conoscere Dio, vengono esauditi nel vedere sulle vie del mondo un fraticello scalzo che, con le mani alzate, canta: \u201c<em>Laudato Sii mio Signore!<\/em>\u201d.<\/p>\n","protected":false},"excerpt":{"rendered":"<p>Nell\u2019ovile di Ges\u00f9, Buon Pastore, bela una pecorella che all\u2019apparenza non ha n\u00e9 ricchezza, n\u00e9 potere, n\u00e9 ambizioni. E\u2019 Francesco, pecorella di Dio che, dopo aver sentito la Voce del Suo Pastore, lascia il mondo governato dal mercenario e segue la Via nella Onda di quella Voce. Lo chiama, il Pastore, e lo sceglie guardandolo [&hellip;]<\/p>\n","protected":false},"author":1,"featured_media":457,"comment_status":"open","ping_status":"open","sticky":false,"template":"","format":"standard","meta":{"_jetpack_memberships_contains_paid_content":false,"footnotes":""},"categories":[7],"tags":[],"class_list":["post-458","post","type-post","status-publish","format-standard","has-post-thumbnail","hentry","category-i-santi"],"featured_image_urls":{"full":["https:\/\/www.albadispirito.it\/wp-content\/uploads\/2011\/03\/FrancescodiAssisipecorelladiDio.JPG",154,275,false],"thumbnail":["https:\/\/www.albadispirito.it\/wp-content\/uploads\/2011\/03\/FrancescodiAssisipecorelladiDio-150x150.jpg",150,150,true],"medium":["https:\/\/www.albadispirito.it\/wp-content\/uploads\/2011\/03\/FrancescodiAssisipecorelladiDio.JPG",154,275,false],"medium_large":["https:\/\/www.albadispirito.it\/wp-content\/uploads\/2011\/03\/FrancescodiAssisipecorelladiDio.JPG",154,275,false],"large":["https:\/\/www.albadispirito.it\/wp-content\/uploads\/2011\/03\/FrancescodiAssisipecorelladiDio.JPG",154,275,false],"1536x1536":["https:\/\/www.albadispirito.it\/wp-content\/uploads\/2011\/03\/FrancescodiAssisipecorelladiDio.JPG",154,275,false],"2048x2048":["https:\/\/www.albadispirito.it\/wp-content\/uploads\/2011\/03\/FrancescodiAssisipecorelladiDio.JPG",154,275,false]},"author_info":{"info":["Admin"]},"category_info":"<a href=\"https:\/\/www.albadispirito.it\/index.php\/category\/articoli\/i-santi\/\" rel=\"category tag\">I Santi<\/a>","tag_info":"I Santi","comment_count":"0","jetpack_featured_media_url":"https:\/\/www.albadispirito.it\/wp-content\/uploads\/2011\/03\/FrancescodiAssisipecorelladiDio.JPG","jetpack_sharing_enabled":true,"_links":{"self":[{"href":"https:\/\/www.albadispirito.it\/index.php\/wp-json\/wp\/v2\/posts\/458","targetHints":{"allow":["GET"]}}],"collection":[{"href":"https:\/\/www.albadispirito.it\/index.php\/wp-json\/wp\/v2\/posts"}],"about":[{"href":"https:\/\/www.albadispirito.it\/index.php\/wp-json\/wp\/v2\/types\/post"}],"author":[{"embeddable":true,"href":"https:\/\/www.albadispirito.it\/index.php\/wp-json\/wp\/v2\/users\/1"}],"replies":[{"embeddable":true,"href":"https:\/\/www.albadispirito.it\/index.php\/wp-json\/wp\/v2\/comments?post=458"}],"version-history":[{"count":0,"href":"https:\/\/www.albadispirito.it\/index.php\/wp-json\/wp\/v2\/posts\/458\/revisions"}],"wp:featuredmedia":[{"embeddable":true,"href":"https:\/\/www.albadispirito.it\/index.php\/wp-json\/wp\/v2\/media\/457"}],"wp:attachment":[{"href":"https:\/\/www.albadispirito.it\/index.php\/wp-json\/wp\/v2\/media?parent=458"}],"wp:term":[{"taxonomy":"category","embeddable":true,"href":"https:\/\/www.albadispirito.it\/index.php\/wp-json\/wp\/v2\/categories?post=458"},{"taxonomy":"post_tag","embeddable":true,"href":"https:\/\/www.albadispirito.it\/index.php\/wp-json\/wp\/v2\/tags?post=458"}],"curies":[{"name":"wp","href":"https:\/\/api.w.org\/{rel}","templated":true}]}}